{"id":1948,"date":"2023-03-31T13:28:14","date_gmt":"2023-03-31T13:28:14","guid":{"rendered":"https:\/\/exclusiveproperties.al\/a-swedish-castle-once-a-medieval-power-center-comes-to-market\/"},"modified":"2025-07-23T12:05:39","modified_gmt":"2025-07-23T12:05:39","slug":"nje-keshtjelle-suedeze-dikur-nje-qender-energjie-mesjetare-del-ne-treg","status":"publish","type":"post","link":"https:\/\/exclusiveproperties.al\/sq\/nje-keshtjelle-suedeze-dikur-nje-qender-energjie-mesjetare-del-ne-treg\/","title":{"rendered":"Nj\u00eb k\u00ebshtjell\u00eb suedeze, dikur nj\u00eb qend\u00ebr energjie mesjetare, del n\u00eb treg."},"content":{"rendered":"<p>Nj\u00eb k\u00ebshtjell\u00eb suedeze, dikur nj\u00eb qend\u00ebr energjie mesjetare, del n\u00eb treg.<\/p>\n<p>Q\u00ebndrimi n\u00eb udh\u00ebkryqin e transformimeve epike \u2013 nga politika dhe shkenca te lufta dhe financat \u2013 Keshtjella e Herrevad \u00ebsht\u00eb nj\u00eb shembull i rrall\u00eb i nj\u00eb qendre mesjetare pushteti t\u00eb lakmuar dikur nga pap\u00ebt dhe mbret\u00ebrit.<\/p>\n<p>Me ndikim t\u00eb jasht\u00ebzakonsh\u00ebm q\u00eb p\u00ebrfshin dy vende skandinave, k\u00ebshtjella me 28 dhoma dhe nj\u00eb sht\u00ebpi feudali me gjasht\u00eb apartamente t\u00eb m\u00ebdha dhe dhoma papafingo, u soll\u00ebn s\u00eb fundi n\u00eb treg pas 16 vitesh pron\u00ebsi. Prona prej 21.6 hektar\u00ebsh (53 hektar\u00eb) ndodhet n\u00eb qarkun jugor t\u00eb Suedis\u00eb Scania (Sk\u00e5ne).<\/p>\n<p>\u201cNuk mund t\u00eb jetosh n\u00eb t\u00eb gjitha 12,000 metra katror\u00eb (130,000 k\u00ebmb\u00eb katrore),\u201d thot\u00eb pronari i pensionuar Steen Damkjaer, i cili po e shet pron\u00ebn pik\u00ebrisht p\u00ebr shkak t\u00eb madh\u00ebsis\u00eb s\u00eb saj t\u00eb madhe \u2013 optimale p\u00ebr nj\u00eb sip\u00ebrmarrje biznesi, jo nj\u00eb jast\u00ebk beqarie.<\/p>\n<p>Prona, e cila gjat\u00eb lul\u00ebzimit t\u00eb saj kat\u00ebrshekullor ishte b\u00ebr\u00eb nj\u00eb nga sht\u00ebpit\u00eb manastire m\u00eb t\u00eb m\u00ebdha dhe m\u00eb t\u00eb pasura n\u00eb Danimark\u00eb, permban masen historike me te zhvilluar. Kjo fillon me themelimin e saj n\u00eb 1144 si manastiri i par\u00eb cistercian i Danimark\u00ebs (Scania m\u00eb par\u00eb ishte pjes\u00eb e Mbret\u00ebris\u00eb s\u00eb Danimark\u00ebs).<\/p>\n<p>Prona \u00ebsht\u00eb e vetmja keshtjelle n\u00eb pron\u00ebsi private n\u00eb Skandinavi, sipas Damkjaer, dhe \u00ebsht\u00eb an\u00ebtare e Kart\u00ebs Evropiane t\u00eb Shoqat\u00ebs s\u00eb Abacive dhe Vendeve Cisterciane.<\/p>\n<p>Listimi ofrohet si dy vende q\u00eb mund t\u00eb blihen s\u00eb bashku ose individualisht: sht\u00ebpia feudale dykat\u00ebshe dhe shtrirja e saj prej 1,6 hektar\u00ebsh (rreth kat\u00ebr hektar\u00eb) ose k\u00ebshtjella trekat\u00ebshe (e nd\u00ebrtuar nga abacia origjinale) dhe nd\u00ebrtesat shoq\u00ebruese t\u00eb vendosura. n\u00eb 20 hektar\u00eb (rreth 50 hektar\u00eb). Prona e fundit p\u00ebrfshin nj\u00eb kish\u00ebz, hambar, tre sht\u00ebpi t\u00eb m\u00ebdha druri dhe nd\u00ebrtesa ushtarake t\u00eb konvertuara.<\/p>\n<p>Prona dhe tokat p\u00ebrreth kan\u00eb vende p\u00ebr peshkim, kajak dhe sh\u00ebtitje. Nj\u00eb fush\u00eb ajrore dhe fusha golfi jan\u00eb af\u00ebr.<\/p>\n<h6>@forbes copyright<\/h6>\n","protected":false},"excerpt":{"rendered":"<p>Nj\u00eb k\u00ebshtjell\u00eb suedeze, dikur nj\u00eb qend\u00ebr energjie mesjetare, del n\u00eb treg. Q\u00ebndrimi n\u00eb udh\u00ebkryqin e transformimeve epike \u2013 nga politika dhe shkenca te lufta dhe financat \u2013 Keshtjella e Herrevad \u00ebsht\u00eb nj\u00eb shembull i rrall\u00eb i nj\u00eb qendre mesjetare pushteti t\u00eb lakmuar dikur nga pap\u00ebt dhe mbret\u00ebrit. Me ndikim t\u00eb jasht\u00ebzakonsh\u00ebm q\u00eb p\u00ebrfshin dy vende [&hellip;]<\/p>\n","protected":false},"author":2,"featured_media":1932,"comment_status":"open","ping_status":"open","sticky":false,"template":"","format":"standard","meta":{"_acf_changed":false,"footnotes":""},"categories":[17],"tags":[66,134,135,55,73,136],"class_list":["post-1948","post","type-post","status-publish","format-standard","has-post-thumbnail","hentry","category-uncategorized-sq","tag-albania-sq","tag-blog-sq","tag-castle-sq","tag-properties-sq","tag-realestate-sq","tag-sueden-sq"],"acf":[],"yoast_head":"<!-- This site is optimized with the Yoast SEO plugin v27.5 - https:\/\/yoast.com\/product\/yoast-seo-wordpress\/ -->\n<title>Nj\u00eb k\u00ebshtjell\u00eb suedeze, dikur nj\u00eb qend\u00ebr energjie mesjetare, del n\u00eb treg. - Exclusive Properties<\/title>\n<meta name=\"description\" content=\"Nj\u00eb k\u00ebshtjell\u00eb suedeze, dikur nj\u00eb qend\u00ebr energjie mesjetare, del n\u00eb treg.Q\u00ebndrimi n\u00eb udh\u00ebkryqin e transformimeve epike \u2013 nga politika dhe shkenca te lufta dhe financat \u2013 Keshtjella e Herrevad \u00ebsht\u00eb nj\u00eb shembull i rrall\u00eb i nj\u00eb qendre mesjetare pushteti t\u00eb lakmuar dikur nga pap\u00ebt dhe mbret\u00ebrit.\" \/>\n<meta name=\"robots\" content=\"index, follow, max-snippet:-1, max-image-preview:large, max-video-preview:-1\" \/>\n<link rel=\"canonical\" href=\"https:\/\/exclusiveproperties.al\/sq\/nje-keshtjelle-suedeze-dikur-nje-qender-energjie-mesjetare-del-ne-treg\/\" \/>\n<meta property=\"og:locale\" content=\"sq_AL\" \/>\n<meta property=\"og:type\" content=\"article\" \/>\n<meta property=\"og:title\" content=\"Nj\u00eb k\u00ebshtjell\u00eb suedeze, dikur nj\u00eb qend\u00ebr energjie mesjetare, del n\u00eb treg. - Exclusive Properties\" \/>\n<meta property=\"og:description\" content=\"Nj\u00eb k\u00ebshtjell\u00eb suedeze, dikur nj\u00eb qend\u00ebr energjie mesjetare, del n\u00eb treg.Q\u00ebndrimi n\u00eb udh\u00ebkryqin e transformimeve epike \u2013 nga politika dhe shkenca te lufta dhe financat \u2013 Keshtjella e Herrevad \u00ebsht\u00eb nj\u00eb shembull i rrall\u00eb i nj\u00eb qendre mesjetare pushteti t\u00eb lakmuar dikur nga pap\u00ebt dhe mbret\u00ebrit.\" \/>\n<meta property=\"og:url\" content=\"https:\/\/exclusiveproperties.al\/sq\/nje-keshtjelle-suedeze-dikur-nje-qender-energjie-mesjetare-del-ne-treg\/\" \/>\n<meta property=\"og:site_name\" content=\"Exclusive Properties\" \/>\n<meta property=\"article:publisher\" content=\"https:\/\/www.facebook.com\/exclusiveproperties.al\/\" \/>\n<meta property=\"article:published_time\" content=\"2023-03-31T13:28:14+00:00\" \/>\n<meta property=\"article:modified_time\" content=\"2025-07-23T12:05:39+00:00\" \/>\n<meta property=\"og:image\" content=\"https:\/\/exclusiveproperties.al\/wp-content\/uploads\/2023\/03\/Permasat-e-blogut-ne-website-3.png\" \/>\n\t<meta property=\"og:image:width\" content=\"425\" \/>\n\t<meta property=\"og:image:height\" content=\"310\" \/>\n\t<meta property=\"og:image:type\" content=\"image\/png\" \/>\n<meta name=\"author\" content=\"Lorigela Beleshi\" \/>\n<meta name=\"twitter:card\" content=\"summary_large_image\" \/>\n<meta name=\"twitter:label1\" content=\"Written by\" \/>\n\t<meta name=\"twitter:data1\" content=\"Lorigela Beleshi\" \/>\n\t<meta name=\"twitter:label2\" content=\"Est. reading time\" \/>\n\t<meta name=\"twitter:data2\" content=\"2 minutes\" \/>\n<script type=\"application\/ld+json\" class=\"yoast-schema-graph\">{\"@context\":\"https:\\\/\\\/schema.org\",\"@graph\":[{\"@type\":\"Article\",\"@id\":\"https:\\\/\\\/exclusiveproperties.al\\\/sq\\\/nje-keshtjelle-suedeze-dikur-nje-qender-energjie-mesjetare-del-ne-treg\\\/#article\",\"isPartOf\":{\"@id\":\"https:\\\/\\\/exclusiveproperties.al\\\/sq\\\/nje-keshtjelle-suedeze-dikur-nje-qender-energjie-mesjetare-del-ne-treg\\\/\"},\"author\":{\"name\":\"Lorigela Beleshi\",\"@id\":\"https:\\\/\\\/exclusiveproperties.al\\\/sq\\\/#\\\/schema\\\/person\\\/c0f42fb08d3982e3917ed2ebeb092b9a\"},\"headline\":\"Nj\u00eb k\u00ebshtjell\u00eb suedeze, dikur nj\u00eb qend\u00ebr energjie mesjetare, del n\u00eb treg.\",\"datePublished\":\"2023-03-31T13:28:14+00:00\",\"dateModified\":\"2025-07-23T12:05:39+00:00\",\"mainEntityOfPage\":{\"@id\":\"https:\\\/\\\/exclusiveproperties.al\\\/sq\\\/nje-keshtjelle-suedeze-dikur-nje-qender-energjie-mesjetare-del-ne-treg\\\/\"},\"wordCount\":355,\"commentCount\":0,\"image\":{\"@id\":\"https:\\\/\\\/exclusiveproperties.al\\\/sq\\\/nje-keshtjelle-suedeze-dikur-nje-qender-energjie-mesjetare-del-ne-treg\\\/#primaryimage\"},\"thumbnailUrl\":\"https:\\\/\\\/exclusiveproperties.al\\\/wp-content\\\/uploads\\\/2023\\\/03\\\/Permasat-e-blogut-ne-website-3.png\",\"keywords\":[\"albania\",\"blog\",\"castle\",\"properties\",\"realestate\",\"sueden\"],\"articleSection\":[\"Uncategorized @sq\"],\"inLanguage\":\"sq-AL\",\"potentialAction\":[{\"@type\":\"CommentAction\",\"name\":\"Comment\",\"target\":[\"https:\\\/\\\/exclusiveproperties.al\\\/sq\\\/nje-keshtjelle-suedeze-dikur-nje-qender-energjie-mesjetare-del-ne-treg\\\/#respond\"]}]},{\"@type\":\"WebPage\",\"@id\":\"https:\\\/\\\/exclusiveproperties.al\\\/sq\\\/nje-keshtjelle-suedeze-dikur-nje-qender-energjie-mesjetare-del-ne-treg\\\/\",\"url\":\"https:\\\/\\\/exclusiveproperties.al\\\/sq\\\/nje-keshtjelle-suedeze-dikur-nje-qender-energjie-mesjetare-del-ne-treg\\\/\",\"name\":\"Nj\u00eb k\u00ebshtjell\u00eb suedeze, dikur nj\u00eb qend\u00ebr energjie mesjetare, del n\u00eb treg. - Exclusive Properties\",\"isPartOf\":{\"@id\":\"https:\\\/\\\/exclusiveproperties.al\\\/sq\\\/#website\"},\"primaryImageOfPage\":{\"@id\":\"https:\\\/\\\/exclusiveproperties.al\\\/sq\\\/nje-keshtjelle-suedeze-dikur-nje-qender-energjie-mesjetare-del-ne-treg\\\/#primaryimage\"},\"image\":{\"@id\":\"https:\\\/\\\/exclusiveproperties.al\\\/sq\\\/nje-keshtjelle-suedeze-dikur-nje-qender-energjie-mesjetare-del-ne-treg\\\/#primaryimage\"},\"thumbnailUrl\":\"https:\\\/\\\/exclusiveproperties.al\\\/wp-content\\\/uploads\\\/2023\\\/03\\\/Permasat-e-blogut-ne-website-3.png\",\"datePublished\":\"2023-03-31T13:28:14+00:00\",\"dateModified\":\"2025-07-23T12:05:39+00:00\",\"author\":{\"@id\":\"https:\\\/\\\/exclusiveproperties.al\\\/sq\\\/#\\\/schema\\\/person\\\/c0f42fb08d3982e3917ed2ebeb092b9a\"},\"description\":\"Nj\u00eb k\u00ebshtjell\u00eb suedeze, dikur nj\u00eb qend\u00ebr energjie mesjetare, del n\u00eb treg.Q\u00ebndrimi n\u00eb udh\u00ebkryqin e transformimeve epike \u2013 nga politika dhe shkenca te lufta dhe financat \u2013 Keshtjella e Herrevad \u00ebsht\u00eb nj\u00eb shembull i rrall\u00eb i nj\u00eb qendre mesjetare pushteti t\u00eb lakmuar dikur nga pap\u00ebt dhe mbret\u00ebrit.\",\"breadcrumb\":{\"@id\":\"https:\\\/\\\/exclusiveproperties.al\\\/sq\\\/nje-keshtjelle-suedeze-dikur-nje-qender-energjie-mesjetare-del-ne-treg\\\/#breadcrumb\"},\"inLanguage\":\"sq-AL\",\"potentialAction\":[{\"@type\":\"ReadAction\",\"target\":[\"https:\\\/\\\/exclusiveproperties.al\\\/sq\\\/nje-keshtjelle-suedeze-dikur-nje-qender-energjie-mesjetare-del-ne-treg\\\/\"]}]},{\"@type\":\"ImageObject\",\"inLanguage\":\"sq-AL\",\"@id\":\"https:\\\/\\\/exclusiveproperties.al\\\/sq\\\/nje-keshtjelle-suedeze-dikur-nje-qender-energjie-mesjetare-del-ne-treg\\\/#primaryimage\",\"url\":\"https:\\\/\\\/exclusiveproperties.al\\\/wp-content\\\/uploads\\\/2023\\\/03\\\/Permasat-e-blogut-ne-website-3.png\",\"contentUrl\":\"https:\\\/\\\/exclusiveproperties.al\\\/wp-content\\\/uploads\\\/2023\\\/03\\\/Permasat-e-blogut-ne-website-3.png\",\"width\":425,\"height\":310},{\"@type\":\"BreadcrumbList\",\"@id\":\"https:\\\/\\\/exclusiveproperties.al\\\/sq\\\/nje-keshtjelle-suedeze-dikur-nje-qender-energjie-mesjetare-del-ne-treg\\\/#breadcrumb\",\"itemListElement\":[{\"@type\":\"ListItem\",\"position\":1,\"name\":\"Home\",\"item\":\"https:\\\/\\\/exclusiveproperties.al\\\/sq\\\/\"},{\"@type\":\"ListItem\",\"position\":2,\"name\":\"Nj\u00eb k\u00ebshtjell\u00eb suedeze, dikur nj\u00eb qend\u00ebr energjie mesjetare, del n\u00eb treg.\"}]},{\"@type\":\"WebSite\",\"@id\":\"https:\\\/\\\/exclusiveproperties.al\\\/sq\\\/#website\",\"url\":\"https:\\\/\\\/exclusiveproperties.al\\\/sq\\\/\",\"name\":\"Exclusive Properties\",\"description\":\"WE SEE, WE VALUE, WE SELL YOUR PROPERTY!\",\"potentialAction\":[{\"@type\":\"SearchAction\",\"target\":{\"@type\":\"EntryPoint\",\"urlTemplate\":\"https:\\\/\\\/exclusiveproperties.al\\\/sq\\\/?s={search_term_string}\"},\"query-input\":{\"@type\":\"PropertyValueSpecification\",\"valueRequired\":true,\"valueName\":\"search_term_string\"}}],\"inLanguage\":\"sq-AL\"},{\"@type\":\"Person\",\"@id\":\"https:\\\/\\\/exclusiveproperties.al\\\/sq\\\/#\\\/schema\\\/person\\\/c0f42fb08d3982e3917ed2ebeb092b9a\",\"name\":\"Lorigela Beleshi\",\"image\":{\"@type\":\"ImageObject\",\"inLanguage\":\"sq-AL\",\"@id\":\"https:\\\/\\\/secure.gravatar.com\\\/avatar\\\/0d68033b4a81085c7d71d3133ae8604001f678adeb931e655e7aa5f960209cb4?s=96&d=mm&r=g\",\"url\":\"https:\\\/\\\/secure.gravatar.com\\\/avatar\\\/0d68033b4a81085c7d71d3133ae8604001f678adeb931e655e7aa5f960209cb4?s=96&d=mm&r=g\",\"contentUrl\":\"https:\\\/\\\/secure.gravatar.com\\\/avatar\\\/0d68033b4a81085c7d71d3133ae8604001f678adeb931e655e7aa5f960209cb4?s=96&d=mm&r=g\",\"caption\":\"Lorigela Beleshi\"},\"url\":\"https:\\\/\\\/exclusiveproperties.al\\\/sq\\\/author\\\/lorigela\\\/\"}]}<\/script>\n<!-- \/ Yoast SEO plugin. -->","yoast_head_json":{"title":"Nj\u00eb k\u00ebshtjell\u00eb suedeze, dikur nj\u00eb qend\u00ebr energjie mesjetare, del n\u00eb treg. - Exclusive Properties","description":"Nj\u00eb k\u00ebshtjell\u00eb suedeze, dikur nj\u00eb qend\u00ebr energjie mesjetare, del n\u00eb treg.Q\u00ebndrimi n\u00eb udh\u00ebkryqin e transformimeve epike \u2013 nga politika dhe shkenca te lufta dhe financat \u2013 Keshtjella e Herrevad \u00ebsht\u00eb nj\u00eb shembull i rrall\u00eb i nj\u00eb qendre mesjetare pushteti t\u00eb lakmuar dikur nga pap\u00ebt dhe mbret\u00ebrit.","robots":{"index":"index","follow":"follow","max-snippet":"max-snippet:-1","max-image-preview":"max-image-preview:large","max-video-preview":"max-video-preview:-1"},"canonical":"https:\/\/exclusiveproperties.al\/sq\/nje-keshtjelle-suedeze-dikur-nje-qender-energjie-mesjetare-del-ne-treg\/","og_locale":"sq_AL","og_type":"article","og_title":"Nj\u00eb k\u00ebshtjell\u00eb suedeze, dikur nj\u00eb qend\u00ebr energjie mesjetare, del n\u00eb treg. - Exclusive Properties","og_description":"Nj\u00eb k\u00ebshtjell\u00eb suedeze, dikur nj\u00eb qend\u00ebr energjie mesjetare, del n\u00eb treg.Q\u00ebndrimi n\u00eb udh\u00ebkryqin e transformimeve epike \u2013 nga politika dhe shkenca te lufta dhe financat \u2013 Keshtjella e Herrevad \u00ebsht\u00eb nj\u00eb shembull i rrall\u00eb i nj\u00eb qendre mesjetare pushteti t\u00eb lakmuar dikur nga pap\u00ebt dhe mbret\u00ebrit.","og_url":"https:\/\/exclusiveproperties.al\/sq\/nje-keshtjelle-suedeze-dikur-nje-qender-energjie-mesjetare-del-ne-treg\/","og_site_name":"Exclusive Properties","article_publisher":"https:\/\/www.facebook.com\/exclusiveproperties.al\/","article_published_time":"2023-03-31T13:28:14+00:00","article_modified_time":"2025-07-23T12:05:39+00:00","og_image":[{"width":425,"height":310,"url":"https:\/\/exclusiveproperties.al\/wp-content\/uploads\/2023\/03\/Permasat-e-blogut-ne-website-3.png","type":"image\/png"}],"author":"Lorigela Beleshi","twitter_card":"summary_large_image","twitter_misc":{"Written by":"Lorigela Beleshi","Est. reading time":"2 minutes"},"schema":{"@context":"https:\/\/schema.org","@graph":[{"@type":"Article","@id":"https:\/\/exclusiveproperties.al\/sq\/nje-keshtjelle-suedeze-dikur-nje-qender-energjie-mesjetare-del-ne-treg\/#article","isPartOf":{"@id":"https:\/\/exclusiveproperties.al\/sq\/nje-keshtjelle-suedeze-dikur-nje-qender-energjie-mesjetare-del-ne-treg\/"},"author":{"name":"Lorigela Beleshi","@id":"https:\/\/exclusiveproperties.al\/sq\/#\/schema\/person\/c0f42fb08d3982e3917ed2ebeb092b9a"},"headline":"Nj\u00eb k\u00ebshtjell\u00eb suedeze, dikur nj\u00eb qend\u00ebr energjie mesjetare, del n\u00eb treg.","datePublished":"2023-03-31T13:28:14+00:00","dateModified":"2025-07-23T12:05:39+00:00","mainEntityOfPage":{"@id":"https:\/\/exclusiveproperties.al\/sq\/nje-keshtjelle-suedeze-dikur-nje-qender-energjie-mesjetare-del-ne-treg\/"},"wordCount":355,"commentCount":0,"image":{"@id":"https:\/\/exclusiveproperties.al\/sq\/nje-keshtjelle-suedeze-dikur-nje-qender-energjie-mesjetare-del-ne-treg\/#primaryimage"},"thumbnailUrl":"https:\/\/exclusiveproperties.al\/wp-content\/uploads\/2023\/03\/Permasat-e-blogut-ne-website-3.png","keywords":["albania","blog","castle","properties","realestate","sueden"],"articleSection":["Uncategorized @sq"],"inLanguage":"sq-AL","potentialAction":[{"@type":"CommentAction","name":"Comment","target":["https:\/\/exclusiveproperties.al\/sq\/nje-keshtjelle-suedeze-dikur-nje-qender-energjie-mesjetare-del-ne-treg\/#respond"]}]},{"@type":"WebPage","@id":"https:\/\/exclusiveproperties.al\/sq\/nje-keshtjelle-suedeze-dikur-nje-qender-energjie-mesjetare-del-ne-treg\/","url":"https:\/\/exclusiveproperties.al\/sq\/nje-keshtjelle-suedeze-dikur-nje-qender-energjie-mesjetare-del-ne-treg\/","name":"Nj\u00eb k\u00ebshtjell\u00eb suedeze, dikur nj\u00eb qend\u00ebr energjie mesjetare, del n\u00eb treg. - Exclusive Properties","isPartOf":{"@id":"https:\/\/exclusiveproperties.al\/sq\/#website"},"primaryImageOfPage":{"@id":"https:\/\/exclusiveproperties.al\/sq\/nje-keshtjelle-suedeze-dikur-nje-qender-energjie-mesjetare-del-ne-treg\/#primaryimage"},"image":{"@id":"https:\/\/exclusiveproperties.al\/sq\/nje-keshtjelle-suedeze-dikur-nje-qender-energjie-mesjetare-del-ne-treg\/#primaryimage"},"thumbnailUrl":"https:\/\/exclusiveproperties.al\/wp-content\/uploads\/2023\/03\/Permasat-e-blogut-ne-website-3.png","datePublished":"2023-03-31T13:28:14+00:00","dateModified":"2025-07-23T12:05:39+00:00","author":{"@id":"https:\/\/exclusiveproperties.al\/sq\/#\/schema\/person\/c0f42fb08d3982e3917ed2ebeb092b9a"},"description":"Nj\u00eb k\u00ebshtjell\u00eb suedeze, dikur nj\u00eb qend\u00ebr energjie mesjetare, del n\u00eb treg.Q\u00ebndrimi n\u00eb udh\u00ebkryqin e transformimeve epike \u2013 nga politika dhe shkenca te lufta dhe financat \u2013 Keshtjella e Herrevad \u00ebsht\u00eb nj\u00eb shembull i rrall\u00eb i nj\u00eb qendre mesjetare pushteti t\u00eb lakmuar dikur nga pap\u00ebt dhe mbret\u00ebrit.","breadcrumb":{"@id":"https:\/\/exclusiveproperties.al\/sq\/nje-keshtjelle-suedeze-dikur-nje-qender-energjie-mesjetare-del-ne-treg\/#breadcrumb"},"inLanguage":"sq-AL","potentialAction":[{"@type":"ReadAction","target":["https:\/\/exclusiveproperties.al\/sq\/nje-keshtjelle-suedeze-dikur-nje-qender-energjie-mesjetare-del-ne-treg\/"]}]},{"@type":"ImageObject","inLanguage":"sq-AL","@id":"https:\/\/exclusiveproperties.al\/sq\/nje-keshtjelle-suedeze-dikur-nje-qender-energjie-mesjetare-del-ne-treg\/#primaryimage","url":"https:\/\/exclusiveproperties.al\/wp-content\/uploads\/2023\/03\/Permasat-e-blogut-ne-website-3.png","contentUrl":"https:\/\/exclusiveproperties.al\/wp-content\/uploads\/2023\/03\/Permasat-e-blogut-ne-website-3.png","width":425,"height":310},{"@type":"BreadcrumbList","@id":"https:\/\/exclusiveproperties.al\/sq\/nje-keshtjelle-suedeze-dikur-nje-qender-energjie-mesjetare-del-ne-treg\/#breadcrumb","itemListElement":[{"@type":"ListItem","position":1,"name":"Home","item":"https:\/\/exclusiveproperties.al\/sq\/"},{"@type":"ListItem","position":2,"name":"Nj\u00eb k\u00ebshtjell\u00eb suedeze, dikur nj\u00eb qend\u00ebr energjie mesjetare, del n\u00eb treg."}]},{"@type":"WebSite","@id":"https:\/\/exclusiveproperties.al\/sq\/#website","url":"https:\/\/exclusiveproperties.al\/sq\/","name":"Exclusive Properties","description":"WE SEE, WE VALUE, WE SELL YOUR PROPERTY!","potentialAction":[{"@type":"SearchAction","target":{"@type":"EntryPoint","urlTemplate":"https:\/\/exclusiveproperties.al\/sq\/?s={search_term_string}"},"query-input":{"@type":"PropertyValueSpecification","valueRequired":true,"valueName":"search_term_string"}}],"inLanguage":"sq-AL"},{"@type":"Person","@id":"https:\/\/exclusiveproperties.al\/sq\/#\/schema\/person\/c0f42fb08d3982e3917ed2ebeb092b9a","name":"Lorigela Beleshi","image":{"@type":"ImageObject","inLanguage":"sq-AL","@id":"https:\/\/secure.gravatar.com\/avatar\/0d68033b4a81085c7d71d3133ae8604001f678adeb931e655e7aa5f960209cb4?s=96&d=mm&r=g","url":"https:\/\/secure.gravatar.com\/avatar\/0d68033b4a81085c7d71d3133ae8604001f678adeb931e655e7aa5f960209cb4?s=96&d=mm&r=g","contentUrl":"https:\/\/secure.gravatar.com\/avatar\/0d68033b4a81085c7d71d3133ae8604001f678adeb931e655e7aa5f960209cb4?s=96&d=mm&r=g","caption":"Lorigela Beleshi"},"url":"https:\/\/exclusiveproperties.al\/sq\/author\/lorigela\/"}]}},"_links":{"self":[{"href":"https:\/\/exclusiveproperties.al\/sq\/wp-json\/wp\/v2\/posts\/1948","targetHints":{"allow":["GET"]}}],"collection":[{"href":"https:\/\/exclusiveproperties.al\/sq\/wp-json\/wp\/v2\/posts"}],"about":[{"href":"https:\/\/exclusiveproperties.al\/sq\/wp-json\/wp\/v2\/types\/post"}],"author":[{"embeddable":true,"href":"https:\/\/exclusiveproperties.al\/sq\/wp-json\/wp\/v2\/users\/2"}],"replies":[{"embeddable":true,"href":"https:\/\/exclusiveproperties.al\/sq\/wp-json\/wp\/v2\/comments?post=1948"}],"version-history":[{"count":2,"href":"https:\/\/exclusiveproperties.al\/sq\/wp-json\/wp\/v2\/posts\/1948\/revisions"}],"predecessor-version":[{"id":1950,"href":"https:\/\/exclusiveproperties.al\/sq\/wp-json\/wp\/v2\/posts\/1948\/revisions\/1950"}],"wp:featuredmedia":[{"embeddable":true,"href":"https:\/\/exclusiveproperties.al\/sq\/wp-json\/wp\/v2\/media\/1932"}],"wp:attachment":[{"href":"https:\/\/exclusiveproperties.al\/sq\/wp-json\/wp\/v2\/media?parent=1948"}],"wp:term":[{"taxonomy":"category","embeddable":true,"href":"https:\/\/exclusiveproperties.al\/sq\/wp-json\/wp\/v2\/categories?post=1948"},{"taxonomy":"post_tag","embeddable":true,"href":"https:\/\/exclusiveproperties.al\/sq\/wp-json\/wp\/v2\/tags?post=1948"}],"curies":[{"name":"wp","href":"https:\/\/api.w.org\/{rel}","templated":true}]}}